{"id":587,"date":"2024-09-10T15:26:21","date_gmt":"2024-09-10T13:26:21","guid":{"rendered":"https:\/\/acsadvocats.com\/la-guarda-y-custodia-compartida-requisitos-y-modalidades-mas-comunes\/"},"modified":"2024-09-10T15:28:45","modified_gmt":"2024-09-10T13:28:45","slug":"la-guarda-y-custodia-compartida-requisitos-y-modalidades-mas-comunes","status":"publish","type":"post","link":"https:\/\/acsadvocats.com\/ca\/la-guarda-y-custodia-compartida-requisitos-y-modalidades-mas-comunes\/","title":{"rendered":"La guarda i cust\u00f2dia compartida, requisits i modalitats m\u00e9s comunes"},"content":{"rendered":"\n<p>En els darrers vint anys el sistema de guarda i cust\u00f2dia dels fills menors a les separacions i divorcis ha experimentat una notable i esperan\u00e7adora evoluci\u00f3. Mentre que, durant molts anys des de l&#8217;aprovaci\u00f3 del Divorci a Espanya, l&#8217;usual era que en una separaci\u00f3 les mares ostentessin la guarda i cust\u00f2dia dels fills i els pares marxessin de casa, paguessin la hipoteca, paguessin la pensi\u00f3 d&#8217;aliments i veiessin als seus fills dos fins de<br>setmana al mes.<\/p>\n\n\n\n<p>Per sort, els temps han canviat i la pr\u00e0ctica ha evolucionat fins ara que el sistema de Guarda i Cust\u00f2dia compartida \u00e9s concebut tant per la societat com per la just\u00edcia, com el sistema m\u00e9s adequat i equilibrat a l&#8217;hora d&#8217;afrontar les separacions i divorcis, ja que s&#8217;ent\u00e9n que per regla general el m\u00e9s benefici\u00f3s per als menors \u00e9s que puguin gaudir de la cura i la companyia dels seus dos progenitors per igual.<br>Aquesta \u00e9s b\u00e0sicament l&#8217;ess\u00e8ncia de la Guarda i Cust\u00f2dia COMPARTIDA, que tots dos progenitors es reparteixin per igual el temps de guarda dels seus fills i en comparteixin la crian\u00e7a i les cures en igualtat de condicions.<\/p>\n\n\n\n<p>Perqu\u00e8 es pugui dur a la pr\u00e0ctica aquest tipus de guarda cal que es compleixin unes condicions m\u00ednimes que podr\u00edem resumir en les seg\u00fcents:<\/p>\n\n\n\n<ul class=\"wp-block-list\">\n<li>Que tots dos progenitors gaudeixin d&#8217;unes habilitats parentals adequades<\/li>\n\n\n\n<li>Que tots dos progenitors visquin a prop l&#8217;un de l&#8217;altre i del nucli on els menors desenvolupen les activitats educatives i socials.<\/li>\n\n\n\n<li>Que hi hagi una bona comunicaci\u00f3 entre tots dos progenitors<br><\/li>\n<\/ul>\n\n\n\n<p>Una altra de les caracter\u00edstiques d&#8217;aquest tipus de guarda i cust\u00f2dia \u00e9s que si tots dos progenitors tenen un nivell econ\u00f2mic similar, no es meriten pensions d&#8217;aliments entre ells sin\u00f3 que cada progenitor es far\u00e0 c\u00e0rrec de les despeses d&#8217;aliments dels menors el temps que estiguin a la seva companyia.<\/p>\n\n\n\n<p>Pel que fa a les despeses dels menors, si no hi ha difer\u00e8ncia econ\u00f2mica notable entre els progenitors, tots dos es faran c\u00e0rrec al 50% de les despeses ordin\u00e0ries i extraordin\u00e0ries dels menors, Per a una millor gesti\u00f3, sempre aconsellem en aquests casos que els progenitors disposin d&#8217;un n\u00famero de compte com\u00fa en qu\u00e8 s&#8217;ingressi una quantitat mensual per cadascun per cobrir les despeses ordin\u00e0ries dels menors que hi ha hagut en com\u00fa i la cust\u00f2dia dels quals es comparteix.<\/p>\n\n\n\n<p>Pel que fa als tipus m\u00e9s comuns d&#8217;aquest tipus de guarda i cust\u00f2dia, podem enumerar els seg\u00fcents:<\/p>\n\n\n\n<ol class=\"wp-block-list\">\n<li>Per setmanes alternes de dilluns a dilluns o de divendres a divendres<\/li>\n\n\n\n<li>Sistema 5-3: Cada progenitor t\u00e9 dos dies fixos de la setmana assignats (un dilluns i dimarts i l&#8217;altre dimecres i dijous) i els caps de setmana alterns de divendres des de la sortida del col\u00b7legi al dilluns a l&#8217;entrada del col\u00b7legi.<\/li>\n\n\n\n<li>Sistema 2-2-3: La setmana es divideix en tres blocs: dilluns i dimarts; dimecres i dijous; caps de setmana alterns. El bloc dilluns i dimarts + cap de setmana va junt i els progenitors ho alternen per setmanes.<\/li>\n<\/ol>\n\n\n\n<p>Aix\u00f2 no obstant, no hi ha modalitats estanques per exercir les guardes i cust\u00f2dies compartides, els progenitors podran escollir de com\u00fa acord el sistema que millor s&#8217;ajusti a les necessitats, interessos i beneficis dels seus fills menors.<\/p>\n\n\n\n<p>Per acabar, destacar que aquest sistema \u00e9s el que ostenta en l&#8217;actualitat el que anomenar\u00edem la regla general, llevat que no es reuneixin els requisits b\u00e0sics per al seu exercici i exercici o llevat que hi hagi altres circumst\u00e0ncies que n&#8217;impedeixin la pr\u00e0ctica o aconsellin la seva no aplicaci\u00f3 en per als interessos dels menors.<\/p>\n\n\n\n<p>A ACS FAMILIAS podreu obtenir tot tipus d&#8217;assessorament en relaci\u00f3 a aquesta mat\u00e8ria i us podrem aconsellar les millors modalitats de guarda i cust\u00f2dia tenint sempre en compte en primer lloc els interessos dels menors.<\/p>\n\n\n\n<p><br><strong>L\u00eda Alfonso G\u00f3mez<\/strong><br>S\u00f2cia d&#8217;ACS ADVOCATS i Directora d&#8217;ACSFAMILIAS<br>S\u00f2cia n\u00famero 677 de la Societat Catalana d&#8217;Advocats de Fam\u00edlia<\/p>\n","protected":false},"excerpt":{"rendered":"<p>En els darrers vint anys el sistema de guarda i cust\u00f2dia dels fills menors a les separacions i divorcis ha experimentat una notable i esperan\u00e7adora evoluci\u00f3.<span class=\"excerpt-hellip\"> [\u2026]<\/span><\/p>\n","protected":false},"author":1,"featured_media":584,"comment_status":"closed","ping_status":"open","sticky":false,"template":"","format":"standard","meta":{"footnotes":""},"categories":[14],"tags":[],"class_list":["post-587","post","type-post","status-publish","format-standard","has-post-thumbnail","hentry","category-blog-acs-familia-ca"],"_links":{"self":[{"href":"https:\/\/acsadvocats.com\/ca\/wp-json\/wp\/v2\/posts\/587","targetHints":{"allow":["GET"]}}],"collection":[{"href":"https:\/\/acsadvocats.com\/ca\/wp-json\/wp\/v2\/posts"}],"about":[{"href":"https:\/\/acsadvocats.com\/ca\/wp-json\/wp\/v2\/types\/post"}],"author":[{"embeddable":true,"href":"https:\/\/acsadvocats.com\/ca\/wp-json\/wp\/v2\/users\/1"}],"replies":[{"embeddable":true,"href":"https:\/\/acsadvocats.com\/ca\/wp-json\/wp\/v2\/comments?post=587"}],"version-history":[{"count":1,"href":"https:\/\/acsadvocats.com\/ca\/wp-json\/wp\/v2\/posts\/587\/revisions"}],"predecessor-version":[{"id":589,"href":"https:\/\/acsadvocats.com\/ca\/wp-json\/wp\/v2\/posts\/587\/revisions\/589"}],"wp:featuredmedia":[{"embeddable":true,"href":"https:\/\/acsadvocats.com\/ca\/wp-json\/wp\/v2\/media\/584"}],"wp:attachment":[{"href":"https:\/\/acsadvocats.com\/ca\/wp-json\/wp\/v2\/media?parent=587"}],"wp:term":[{"taxonomy":"category","embeddable":true,"href":"https:\/\/acsadvocats.com\/ca\/wp-json\/wp\/v2\/categories?post=587"},{"taxonomy":"post_tag","embeddable":true,"href":"https:\/\/acsadvocats.com\/ca\/wp-json\/wp\/v2\/tags?post=587"}],"curies":[{"name":"wp","href":"https:\/\/api.w.org\/{rel}","templated":true}]}}